{"id":8740,"date":"2020-08-11T11:22:37","date_gmt":"2020-08-11T15:22:37","guid":{"rendered":"https:\/\/www.whelkgoods.com\/?p=8740"},"modified":"2024-07-16T12:02:11","modified_gmt":"2024-07-16T16:02:11","slug":"nos-astuces-pour-un-panier-depicerie-plus-vert","status":"publish","type":"post","link":"https:\/\/whelkgoods.com\/fr\/nos-astuces-pour-un-panier-depicerie-plus-vert\/","title":{"rendered":"Nos astuces pour un panier d&rsquo;\u00e9picerie plus vert"},"content":{"rendered":"\t\t<div data-elementor-type=\"wp-post\" data-elementor-id=\"8740\" class=\"elementor elementor-8740 elementor-8755\" data-elementor-post-type=\"post\">\n\t\t\t\t\t\t<section class=\"elementor-section elementor-top-section elementor-element elementor-element-9865520 elementor-section-boxed elementor-section-height-default elementor-section-height-default\" data-id=\"9865520\" data-element_type=\"section\">\n\t\t\t\t\t\t<div class=\"elementor-container elementor-column-gap-default\">\n\t\t\t\t\t<div class=\"elementor-column elementor-col-100 elementor-top-column elementor-element elementor-element-030f7e7\" data-id=\"030f7e7\" data-element_type=\"column\">\n\t\t\t<div class=\"elementor-widget-wrap elementor-element-populated\">\n\t\t\t\t\t\t<div class=\"elementor-element elementor-element-454069b elementor-widget elementor-widget-text-editor\" data-id=\"454069b\" data-element_type=\"widget\" data-widget_type=\"text-editor.default\">\n\t\t\t\t<div class=\"elementor-widget-container\">\n\t\t\t\t\t\t\tMalgr\u00e9 les nombreux efforts de l\u2019industrie alimentaire pour \u00eatre plus \u00e9cologique, il peut parfois \u00eatre difficile de s\u2019y retrouver. Entre l\u2019achat local, la livraison des produits \u00e0 la maison et les aliments biologiques, faire des choix consciencieux sans toutefois se ruiner peut devenir un vrai casse-t\u00eate pour certains. Ainsi, CapTen expose les avantages et les d\u00e9savantages des diff\u00e9rentes options qui s\u2019offrent \u00e0 vous afin de vous aider \u00e0 vous orienter vers des choix qui correspondent \u00e0 vos besoins lors de votre prochaine \u00e9picerie.\n\t\t\t\t\t\t<\/div>\n\t\t\t\t<\/div>\n\t\t\t\t<div class=\"elementor-element elementor-element-f14f427 elementor-widget elementor-widget-heading\" data-id=\"f14f427\" data-element_type=\"widget\" data-widget_type=\"heading.default\">\n\t\t\t\t<div class=\"elementor-widget-container\">\n\t\t\t<h5 class=\"elementor-heading-title elementor-size-default\">1. Les aliments biologiques<\/h5>\t\t<\/div>\n\t\t\t\t<\/div>\n\t\t\t\t<div class=\"elementor-element elementor-element-77e3d3c elementor-widget elementor-widget-text-editor\" data-id=\"77e3d3c\" data-element_type=\"widget\" data-widget_type=\"text-editor.default\">\n\t\t\t\t<div class=\"elementor-widget-container\">\n\t\t\t\t\t\t\t<p>D\u2019abord, il importe de clarifier ce que le terme \u00ab biologique \u00bb sous-entend. Selon le CARTV, pour qu\u2019un produit soit consid\u00e9r\u00e9 comme \u00e9tant biologique, celui-ci doit respecter certaines caract\u00e9ristiques li\u00e9es \u00e0 une culture sans pesticides ou herbicides chimiques, sans fertilisants de synth\u00e8se ou encore de boues d\u2019\u00e9puration. On opte plut\u00f4t pour des m\u00e9thodes d\u2019agriculture telles que la rotation des sols, l\u2019usage d\u2019engrais naturels et l\u2019utilisation de mati\u00e8res organiques compost\u00e9es pour favoriser la croissance des aliments. Pour ce qui est de l\u2019\u00e9levage du b\u00e9tail, aucun antibiotiques ou hormones de croissance ne doivent \u00eatre administr\u00e9s \u00e0 l\u2019animal. Celui-ci doit respecter une di\u00e8te alimentaire bas\u00e9e sur une culture biologique sans OGM et donc sans aucune farines animales. Les animaux doivent \u00ab jouir de conditions de vie d\u00e9cente \u00bb. Selon l\u2019I4CE, l\u2019industrie alimentaire repr\u00e9senterait \u00ab 22% \u00e0 37% des rejets de gaz \u00e0 effet de serre, tous secteurs confondus. \u00bb Se tourner vers les aliments biologiques serait donc un pas dans la bonne direction pour contribuer \u00e0 diminuer l\u2019empreinte carbone.<\/p>\t\t\t\t\t\t<\/div>\n\t\t\t\t<\/div>\n\t\t\t\t<div class=\"elementor-element elementor-element-0d1f15c elementor-widget elementor-widget-text-editor\" data-id=\"0d1f15c\" data-element_type=\"widget\" data-widget_type=\"text-editor.default\">\n\t\t\t\t<div class=\"elementor-widget-container\">\n\t\t\t\t\t\t\t<p><span style=\"font-weight: 400\">N\u00e9anmoins, vous constaterez que les produits biologiques sont plus co\u00fbteux que les produits conventionnels. En effet, les fruits et l\u00e9gumes biologiques peuvent co\u00fbter de 0,50$ \u00e0 3$ de plus que les fruits et l\u00e9gumes non biologiques. Si pour vous cette diff\u00e9rence de prix n\u2019est pas envisageable, d\u2019autres options \u00e9cologiques s\u2019offrent \u00e0 vous.\u00a0<\/span><\/p>\t\t\t\t\t\t<\/div>\n\t\t\t\t<\/div>\n\t\t\t\t\t<\/div>\n\t\t<\/div>\n\t\t\t\t\t<\/div>\n\t\t<\/section>\n\t\t\t\t<section class=\"elementor-section elementor-top-section elementor-element elementor-element-8e9a001 elementor-section-boxed elementor-section-height-default elementor-section-height-default\" data-id=\"8e9a001\" data-element_type=\"section\">\n\t\t\t\t\t\t<div class=\"elementor-container elementor-column-gap-default\">\n\t\t\t\t\t<div class=\"elementor-column elementor-col-50 elementor-top-column elementor-element elementor-element-b0fb429\" data-id=\"b0fb429\" data-element_type=\"column\">\n\t\t\t<div class=\"elementor-widget-wrap elementor-element-populated\">\n\t\t\t\t\t\t<div class=\"elementor-element elementor-element-1d97f22 elementor-widget elementor-widget-heading\" data-id=\"1d97f22\" data-element_type=\"widget\" data-widget_type=\"heading.default\">\n\t\t\t\t<div class=\"elementor-widget-container\">\n\t\t\t<h5 class=\"elementor-heading-title elementor-size-default\">2. L'achat local<\/h5>\t\t<\/div>\n\t\t\t\t<\/div>\n\t\t\t\t<div class=\"elementor-element elementor-element-f42012d elementor-widget elementor-widget-text-editor\" data-id=\"f42012d\" data-element_type=\"widget\" data-widget_type=\"text-editor.default\">\n\t\t\t\t<div class=\"elementor-widget-container\">\n\t\t\t\t\t\t\t<p class=\"p1\">Il arrive que certains produits parcourent plusieurs milliers de kilom\u00e8tres avant de se retrouver dans nos assiettes ce qui g\u00e9n\u00e8re des quantit\u00e9s \u00e9normes de gaz dans l\u2019atmosph\u00e8re et contribuent \u00e0 polluer notre plan\u00e8te. Par ailleurs, au Qu\u00e9bec, nous avons la chance d\u2019avoir une r\u00e9glementation stricte qui encadre l\u2019industrie agroalimentaire ce qui n\u2019est pas n\u00e9cessairement le cas de tous les pays \u00e9trangers. En achetant local, non seulement vous contribuer \u00e0 l\u2019\u00e9conomie canadienne, mais vous vous assurez aussi d\u2019acheter des aliments de qualit\u00e9 sup\u00e9rieure.<\/p>\t\t\t\t\t\t<\/div>\n\t\t\t\t<\/div>\n\t\t\t\t<div class=\"elementor-element elementor-element-2a253be elementor-widget elementor-widget-text-editor\" data-id=\"2a253be\" data-element_type=\"widget\" data-widget_type=\"text-editor.default\">\n\t\t\t\t<div class=\"elementor-widget-container\">\n\t\t\t\t\t\t\t<p>Or, cette pratique peut s\u2019av\u00e9rer co\u00fbteuse, de sorte que certains n\u2019ont pas les moyens de s\u2019y mettre. Selon certaines enqu\u00eates canadiennes, les produits locaux en \u00e9picerie pourraient co\u00fbter de 10% \u00e0 25% plus cher que les produits \u00e9trangers. N\u00e9anmoins, dans les petits march\u00e9s de producteur, vous pourriez retrouver des produits saisonniers locaux \u00e0 des prix moindres qu&rsquo;en \u00e9picerie.<\/p>\t\t\t\t\t\t<\/div>\n\t\t\t\t<\/div>\n\t\t\t\t\t<\/div>\n\t\t<\/div>\n\t\t\t\t<div class=\"elementor-column elementor-col-50 elementor-top-column elementor-element elementor-element-ba11ad0\" data-id=\"ba11ad0\" data-element_type=\"column\">\n\t\t\t<div class=\"elementor-widget-wrap elementor-element-populated\">\n\t\t\t\t\t\t<div class=\"elementor-element elementor-element-024e32e elementor-widget elementor-widget-image\" data-id=\"024e32e\" data-element_type=\"widget\" data-widget_type=\"image.default\">\n\t\t\t\t<div class=\"elementor-widget-container\">\n\t\t\t\t\t\t\t\t\t\t\t\t\t<img fetchpriority=\"high\" decoding=\"async\" width=\"600\" height=\"600\" src=\"https:\/\/whelkgoods.com\/wp-content\/uploads\/2020\/08\/aliments_locaux-600x600.jpg\" class=\"attachment-woocommerce_thumbnail size-woocommerce_thumbnail wp-image-8744\" alt=\"\" srcset=\"https:\/\/whelkgoods.com\/wp-content\/uploads\/2020\/08\/aliments_locaux-600x600.jpg 600w, https:\/\/whelkgoods.com\/wp-content\/uploads\/2020\/08\/aliments_locaux-150x150.jpg 150w, https:\/\/whelkgoods.com\/wp-content\/uploads\/2020\/08\/aliments_locaux-100x100.jpg 100w\" sizes=\"(max-width: 600px) 100vw, 600px\" \/>\t\t\t\t\t\t\t\t\t\t\t\t\t<\/div>\n\t\t\t\t<\/div>\n\t\t\t\t<div class=\"elementor-element elementor-element-23d7dd8 elementor-widget elementor-widget-text-editor\" data-id=\"23d7dd8\" data-element_type=\"widget\" data-widget_type=\"text-editor.default\">\n\t\t\t\t<div class=\"elementor-widget-container\">\n\t\t\t\t\t\t\t<p>Source : <span style=\"text-decoration: underline\"><a href=\"https:\/\/ici.radio-canada.ca\/nouvelle\/789182\/achat-local-tentative-definition\">Radio-Canada<\/a><\/span><\/p>\t\t\t\t\t\t<\/div>\n\t\t\t\t<\/div>\n\t\t\t\t\t<\/div>\n\t\t<\/div>\n\t\t\t\t\t<\/div>\n\t\t<\/section>\n\t\t\t\t<section class=\"elementor-section elementor-top-section elementor-element elementor-element-0b6235d elementor-section-boxed elementor-section-height-default elementor-section-height-default\" data-id=\"0b6235d\" data-element_type=\"section\">\n\t\t\t\t\t\t<div class=\"elementor-container elementor-column-gap-default\">\n\t\t\t\t\t<div class=\"elementor-column elementor-col-50 elementor-top-column elementor-element elementor-element-a325737\" data-id=\"a325737\" data-element_type=\"column\">\n\t\t\t<div class=\"elementor-widget-wrap elementor-element-populated\">\n\t\t\t\t\t\t<div class=\"elementor-element elementor-element-cd723bf elementor-widget elementor-widget-image\" data-id=\"cd723bf\" data-element_type=\"widget\" data-widget_type=\"image.default\">\n\t\t\t\t<div class=\"elementor-widget-container\">\n\t\t\t\t\t\t\t\t\t\t\t\t\t<img decoding=\"async\" width=\"899\" height=\"671\" src=\"https:\/\/whelkgoods.com\/wp-content\/uploads\/2020\/08\/CookIt_Box_plastic.jpg\" class=\"attachment-large size-large wp-image-8746\" alt=\"Bo\u00eete en carton rempli d&#039;aliments dans une emballage de plastique\" srcset=\"https:\/\/whelkgoods.com\/wp-content\/uploads\/2020\/08\/CookIt_Box_plastic.jpg 899w, https:\/\/whelkgoods.com\/wp-content\/uploads\/2020\/08\/CookIt_Box_plastic-300x224.jpg 300w, https:\/\/whelkgoods.com\/wp-content\/uploads\/2020\/08\/CookIt_Box_plastic-768x573.jpg 768w, https:\/\/whelkgoods.com\/wp-content\/uploads\/2020\/08\/CookIt_Box_plastic-600x448.jpg 600w\" sizes=\"(max-width: 899px) 100vw, 899px\" \/>\t\t\t\t\t\t\t\t\t\t\t\t\t<\/div>\n\t\t\t\t<\/div>\n\t\t\t\t<div class=\"elementor-element elementor-element-1661763 elementor-widget elementor-widget-text-editor\" data-id=\"1661763\" data-element_type=\"widget\" data-widget_type=\"text-editor.default\">\n\t\t\t\t<div class=\"elementor-widget-container\">\n\t\t\t\t\t\t\t<p>Source : <span style=\"text-decoration: underline\"><a href=\"https:\/\/www.protegez-vous.ca\/sante-et-alimentation\/boites-pretes-a-cuisiner\/cook-it\">Prot\u00e9gez-Vous<\/a><\/span><\/p>\t\t\t\t\t\t<\/div>\n\t\t\t\t<\/div>\n\t\t\t\t\t<\/div>\n\t\t<\/div>\n\t\t\t\t<div class=\"elementor-column elementor-col-50 elementor-top-column elementor-element elementor-element-51de630\" data-id=\"51de630\" data-element_type=\"column\">\n\t\t\t<div class=\"elementor-widget-wrap elementor-element-populated\">\n\t\t\t\t\t\t<div class=\"elementor-element elementor-element-753a7aa elementor-widget elementor-widget-heading\" data-id=\"753a7aa\" data-element_type=\"widget\" data-widget_type=\"heading.default\">\n\t\t\t\t<div class=\"elementor-widget-container\">\n\t\t\t<h5 class=\"elementor-heading-title elementor-size-default\">3. Les services de repas \u00e0 domicile<\/h5>\t\t<\/div>\n\t\t\t\t<\/div>\n\t\t\t\t<div class=\"elementor-element elementor-element-71cd20a elementor-widget elementor-widget-text-editor\" data-id=\"71cd20a\" data-element_type=\"widget\" data-widget_type=\"text-editor.default\">\n\t\t\t\t<div class=\"elementor-widget-container\">\n\t\t\t\t\t\t\t<p>Les services de repas \u00e0 domicile peuvent s\u2019av\u00e9rer une option int\u00e9ressante pour \u00e9viter de gaspiller puisque ceux-ci permettent d\u2019acheter seulement la quantit\u00e9 n\u00e9cessaire des aliments pour confectionner vos recettes. Les compagnies vont souvent favoriser les produits locaux aux produits \u00e9trangers. Le prix de ce service varie en fonction du nombre de repas que vous choisissez et tourne g\u00e9n\u00e9ralement autour de 60$ \u00e0 150$. Cette option peut s\u2019av\u00e9rer plus \u00e9conomique si vous souhaitez acheter des aliments locaux. Par ailleurs, les portions sont g\u00e9n\u00e9reuses ce qui vous permet d\u2019avoir des restants pour le lendemain.<\/p>\t\t\t\t\t\t<\/div>\n\t\t\t\t<\/div>\n\t\t\t\t<div class=\"elementor-element elementor-element-3d2d087 elementor-widget elementor-widget-text-editor\" data-id=\"3d2d087\" data-element_type=\"widget\" data-widget_type=\"text-editor.default\">\n\t\t\t\t<div class=\"elementor-widget-container\">\n\t\t\t\t\t\t\tPar soucis de livraison, tous \u00ab les ingr\u00e9dients arrivent emball\u00e9s dans une bo\u00eete de carton isolante, munie de sachets r\u00e9frig\u00e9rants, dans laquelle ils se conservent plusieurs heure. \u00bb Les entreprises mettent de l\u2019avant le fait que leurs bo\u00eetes et leurs emballages sont recyclables. Il reste tout de m\u00eame difficile de savoir si ceux-ci finissent v\u00e9ritablement dans les bacs de recyclage. \n\t\t\t\t\t\t<\/div>\n\t\t\t\t<\/div>\n\t\t\t\t\t<\/div>\n\t\t<\/div>\n\t\t\t\t\t<\/div>\n\t\t<\/section>\n\t\t\t\t<section class=\"elementor-section elementor-top-section elementor-element elementor-element-75298f2 elementor-section-boxed elementor-section-height-default elementor-section-height-default\" data-id=\"75298f2\" data-element_type=\"section\">\n\t\t\t\t\t\t<div class=\"elementor-container elementor-column-gap-default\">\n\t\t\t\t\t\t<\/div>\n\t\t<\/section>\n\t\t\t\t<section class=\"elementor-section elementor-top-section elementor-element elementor-element-3da41f6 elementor-section-boxed elementor-section-height-default elementor-section-height-default\" data-id=\"3da41f6\" data-element_type=\"section\">\n\t\t\t\t\t\t<div class=\"elementor-container elementor-column-gap-default\">\n\t\t\t\t\t<div class=\"elementor-column elementor-col-100 elementor-top-column elementor-element elementor-element-4969381\" data-id=\"4969381\" data-element_type=\"column\">\n\t\t\t<div class=\"elementor-widget-wrap elementor-element-populated\">\n\t\t\t\t\t\t<div class=\"elementor-element elementor-element-ef4d8a2 elementor-widget elementor-widget-heading\" data-id=\"ef4d8a2\" data-element_type=\"widget\" data-widget_type=\"heading.default\">\n\t\t\t\t<div class=\"elementor-widget-container\">\n\t\t\t<h5 class=\"elementor-heading-title elementor-size-default\">4. Le vrac et les \u00e9piceries 0 d\u00e9chet<\/h5>\t\t<\/div>\n\t\t\t\t<\/div>\n\t\t\t\t<div class=\"elementor-element elementor-element-3db6766 elementor-widget elementor-widget-text-editor\" data-id=\"3db6766\" data-element_type=\"widget\" data-widget_type=\"text-editor.default\">\n\t\t\t\t<div class=\"elementor-widget-container\">\n\t\t\t\t\t\t\tLe vrac peut s\u2019av\u00e9rer une option int\u00e9ressante et \u00e9cologique autant dans l\u2019optique de r\u00e9duire le gaspillage alimentaire que pour r\u00e9duire le suremballage. D\u2019une part, acheter en vrac permet d\u2019acqu\u00e9rir seulement les quantit\u00e9s n\u00e9cessaires des aliments dont vous avez besoin et d\u2019autre part, cela ne n\u00e9cessite aucun emballage si vous apportez vos propres contenant. Par ailleurs, la plupart des \u00e9piceries en vrac comportent souvent une vari\u00e9t\u00e9 de produits biologiques et locaux \u00e0 des prix moindre que dans les \u00e9piceries conventionnelles. Vous pourrez d\u2019ailleurs trouver des produits qu\u2019il est rare de retrouver ailleurs. Vous pourrez m\u00eame trouver de la nourriture pour vos animaux dans les \u00e9piceries en vrac. \n\t\t\t\t\t\t<\/div>\n\t\t\t\t<\/div>\n\t\t\t\t<div class=\"elementor-element elementor-element-9b8bd4c elementor-widget elementor-widget-text-editor\" data-id=\"9b8bd4c\" data-element_type=\"widget\" data-widget_type=\"text-editor.default\">\n\t\t\t\t<div class=\"elementor-widget-container\">\n\t\t\t\t\t\t\tIl faut n\u00e9anmoins faire attention, car cela ne vaut pas n\u00e9cessairement la peine pour l\u2019ensemble des produits. Les p\u00e2tes alimentaires ou encore l\u2019huile de coco vierge, par exemple, sont souvent moins cher dans une \u00e9picerie r\u00e9guli\u00e8re. Les \u00e9pices, les noix m\u00e9lang\u00e9s, les granolas, la farine et les bonbons sont, pour leur part, des produits pour lesquels il vaut la peine de se les procurer en vrac. \n\t\t\t\t\t\t<\/div>\n\t\t\t\t<\/div>\n\t\t\t\t<div class=\"elementor-element elementor-element-0b57a27 elementor-widget elementor-widget-text-editor\" data-id=\"0b57a27\" data-element_type=\"widget\" data-widget_type=\"text-editor.default\">\n\t\t\t\t<div class=\"elementor-widget-container\">\n\t\t\t\t\t\t\t<p>Comme vous voyez, plusieurs options int\u00e9ressantes s\u2019offrent \u00e0 vous quand vient le temps d\u2019entreprendre des actions concr\u00e8tes pour rendre votre panier d\u2019\u00e9picerie plus vert sans vous ruiner. N\u2019h\u00e9sitez pas \u00e0 varier les options ou encore \u00e0 magasiner vos aliments \u00e0 des endroits diff\u00e9rents pour une m\u00eame \u00e9picerie, mais surtout \u00e9vitez \u00e0 tout prix le gaspillage alimentaire. Vous verrez, vous ferez de grandes \u00e9conomies et, en plus, la plan\u00e8te vous remerciera.<\/p>\t\t\t\t\t\t<\/div>\n\t\t\t\t<\/div>\n\t\t\t\t<div class=\"elementor-element elementor-element-87c314d elementor-widget elementor-widget-text-editor\" data-id=\"87c314d\" data-element_type=\"widget\" data-widget_type=\"text-editor.default\">\n\t\t\t\t<div class=\"elementor-widget-container\">\n\t\t\t\t\t\t\t<p>Sources :<\/p><ul><li>https:\/\/cartv.gouv.qc.ca\/qu-est-ce-qu-un-produit-bio<\/li><li>https:\/\/ici.radio-canada.ca\/premiere\/emissions\/le-cafe-show\/segments\/entrevue\/108144\/pollution-gaz-effet-serre-co2-chaine-alimentaire<\/li><li>https:\/\/www.lemonde.fr\/planete\/article\/2019\/03\/01\/l-alimentation-mondiale-responsable-d-un-tiers-des-emissions-de-gaz-a-effet-de-serre_5429989_3244.html<\/li><li>https:\/\/www150.statcan.gc.ca\/n1\/pub\/32-26-0001\/322600012018001-fra.htm<\/li><li>https:\/\/ici.radio-canada.ca\/nouvelle\/1050966\/boite-repas-pret-a-cuisiner-bon-pour-lenvironnement-goodfood-missfresh-cook-it-chefsplate<\/li><\/ul>\t\t\t\t\t\t<\/div>\n\t\t\t\t<\/div>\n\t\t\t\t\t<\/div>\n\t\t<\/div>\n\t\t\t\t\t<\/div>\n\t\t<\/section>\n\t\t\t\t<\/div>\n\t\t","protected":false},"excerpt":{"rendered":"<p>Malgr\u00e9 les nombreux efforts de l\u2019industrie alimentaire pour \u00eatre plus \u00e9cologique, il peut parfois \u00eatre difficile de s\u2019y retrouver. Entre l\u2019achat local, la livraison des produits \u00e0 la maison et les aliments biologiques, faire des choix consciencieux sans toutefois se ruiner peut devenir un vrai casse-t\u00eate pour certains. Ainsi, CapTen expose les avantages et les d\u00e9savantages des diff\u00e9rentes options qui s\u2019offrent \u00e0 vous afin de vous aider \u00e0 vous orienter vers des choix qui correspondent \u00e0 vos besoins lors de votre prochaine \u00e9picerie. 1. Les aliments biologiques D\u2019abord, il importe de clarifier ce que le terme \u00ab biologique \u00bb sous-entend&#8230;.<\/p>\n","protected":false},"author":12,"featured_media":8741,"comment_status":"closed","ping_status":"closed","sticky":false,"template":"","format":"standard","meta":{"footnotes":""},"categories":[38],"tags":[],"class_list":["post-8740","post","type-post","status-publish","format-standard","has-post-thumbnail","hentry","category-non-classifiee"],"yoast_head":"<!-- This site is optimized with the Yoast SEO plugin v23.5 - https:\/\/yoast.com\/wordpress\/plugins\/seo\/ -->\n<title>Nos astuces pour un panier d&#039;\u00e9picerie plus vert - Whelk | Marque qu\u00e9b\u00e9coise<\/title>\n<meta name=\"description\" content=\"Des conseils pour faire des \u00e9piceries plus vertes : Explorez les produits locaux et les achats en vrac pour un mode de vie plus durable.\" \/>\n<meta name=\"robots\" content=\"index, follow, max-snippet:-1, max-image-preview:large, max-video-preview:-1\" \/>\n<link rel=\"canonical\" href=\"https:\/\/whelkgoods.com\/fr\/nos-astuces-pour-un-panier-depicerie-plus-vert\/\" \/>\n<meta property=\"og:locale\" content=\"fr_FR\" \/>\n<meta property=\"og:type\" content=\"article\" \/>\n<meta property=\"og:title\" content=\"Nos astuces pour un panier d&#039;\u00e9picerie plus vert - Whelk | Marque qu\u00e9b\u00e9coise\" \/>\n<meta property=\"og:description\" content=\"Des conseils pour faire des \u00e9piceries plus vertes : Explorez les produits locaux et les achats en vrac pour un mode de vie plus durable.\" \/>\n<meta property=\"og:url\" content=\"https:\/\/whelkgoods.com\/fr\/nos-astuces-pour-un-panier-depicerie-plus-vert\/\" \/>\n<meta property=\"og:site_name\" content=\"Whelk | Marque qu\u00e9b\u00e9coise\" \/>\n<meta property=\"article:published_time\" content=\"2020-08-11T15:22:37+00:00\" \/>\n<meta property=\"article:modified_time\" content=\"2024-07-16T16:02:11+00:00\" \/>\n<meta property=\"og:image\" content=\"https:\/\/whelkgoods.com\/wp-content\/uploads\/2020\/08\/epicerie-sac-recyclage-scaled.jpg\" \/>\n\t<meta property=\"og:image:width\" content=\"1024\" \/>\n\t<meta property=\"og:image:height\" content=\"576\" \/>\n\t<meta property=\"og:image:type\" content=\"image\/jpeg\" \/>\n<meta name=\"author\" content=\"justin\" \/>\n<meta name=\"twitter:card\" content=\"summary_large_image\" \/>\n<meta name=\"twitter:label1\" content=\"\u00c9crit par\" \/>\n\t<meta name=\"twitter:data1\" content=\"justin\" \/>\n\t<meta name=\"twitter:label2\" content=\"Dur\u00e9e de lecture estim\u00e9e\" \/>\n\t<meta name=\"twitter:data2\" content=\"5 minutes\" \/>\n<script type=\"application\/ld+json\" class=\"yoast-schema-graph\">{\"@context\":\"https:\/\/schema.org\",\"@graph\":[{\"@type\":\"Article\",\"@id\":\"https:\/\/whelkgoods.com\/fr\/nos-astuces-pour-un-panier-depicerie-plus-vert\/#article\",\"isPartOf\":{\"@id\":\"https:\/\/whelkgoods.com\/fr\/nos-astuces-pour-un-panier-depicerie-plus-vert\/\"},\"author\":{\"name\":\"justin\",\"@id\":\"https:\/\/whelkgoods.com\/fr\/#\/schema\/person\/eb1a89cb3919c3ad353882c99c28a56d\"},\"headline\":\"Nos astuces pour un panier d&rsquo;\u00e9picerie plus vert\",\"datePublished\":\"2020-08-11T15:22:37+00:00\",\"dateModified\":\"2024-07-16T16:02:11+00:00\",\"mainEntityOfPage\":{\"@id\":\"https:\/\/whelkgoods.com\/fr\/nos-astuces-pour-un-panier-depicerie-plus-vert\/\"},\"wordCount\":995,\"publisher\":{\"@id\":\"https:\/\/whelkgoods.com\/fr\/#organization\"},\"image\":{\"@id\":\"https:\/\/whelkgoods.com\/fr\/nos-astuces-pour-un-panier-depicerie-plus-vert\/#primaryimage\"},\"thumbnailUrl\":\"https:\/\/whelkgoods.com\/wp-content\/uploads\/2020\/08\/epicerie-sac-recyclage-scaled.jpg\",\"articleSection\":[\"Non classifi\u00e9(e)\"],\"inLanguage\":\"fr-FR\"},{\"@type\":\"WebPage\",\"@id\":\"https:\/\/whelkgoods.com\/fr\/nos-astuces-pour-un-panier-depicerie-plus-vert\/\",\"url\":\"https:\/\/whelkgoods.com\/fr\/nos-astuces-pour-un-panier-depicerie-plus-vert\/\",\"name\":\"Nos astuces pour un panier d'\u00e9picerie plus vert - Whelk | Marque qu\u00e9b\u00e9coise\",\"isPartOf\":{\"@id\":\"https:\/\/whelkgoods.com\/fr\/#website\"},\"primaryImageOfPage\":{\"@id\":\"https:\/\/whelkgoods.com\/fr\/nos-astuces-pour-un-panier-depicerie-plus-vert\/#primaryimage\"},\"image\":{\"@id\":\"https:\/\/whelkgoods.com\/fr\/nos-astuces-pour-un-panier-depicerie-plus-vert\/#primaryimage\"},\"thumbnailUrl\":\"https:\/\/whelkgoods.com\/wp-content\/uploads\/2020\/08\/epicerie-sac-recyclage-scaled.jpg\",\"datePublished\":\"2020-08-11T15:22:37+00:00\",\"dateModified\":\"2024-07-16T16:02:11+00:00\",\"description\":\"Des conseils pour faire des \u00e9piceries plus vertes : Explorez les produits locaux et les achats en vrac pour un mode de vie plus durable.\",\"breadcrumb\":{\"@id\":\"https:\/\/whelkgoods.com\/fr\/nos-astuces-pour-un-panier-depicerie-plus-vert\/#breadcrumb\"},\"inLanguage\":\"fr-FR\",\"potentialAction\":[{\"@type\":\"ReadAction\",\"target\":[\"https:\/\/whelkgoods.com\/fr\/nos-astuces-pour-un-panier-depicerie-plus-vert\/\"]}]},{\"@type\":\"ImageObject\",\"inLanguage\":\"fr-FR\",\"@id\":\"https:\/\/whelkgoods.com\/fr\/nos-astuces-pour-un-panier-depicerie-plus-vert\/#primaryimage\",\"url\":\"https:\/\/whelkgoods.com\/wp-content\/uploads\/2020\/08\/epicerie-sac-recyclage-scaled.jpg\",\"contentUrl\":\"https:\/\/whelkgoods.com\/wp-content\/uploads\/2020\/08\/epicerie-sac-recyclage-scaled.jpg\",\"width\":1024,\"height\":576,\"caption\":\"Sac d'\u00e9picerie vert avec enseigne recyclable. \u00c0 l'int\u00e9rieur du sac se trouvent des fruits et des l\u00e9gumes sans emballage de plastique.\"},{\"@type\":\"BreadcrumbList\",\"@id\":\"https:\/\/whelkgoods.com\/fr\/nos-astuces-pour-un-panier-depicerie-plus-vert\/#breadcrumb\",\"itemListElement\":[{\"@type\":\"ListItem\",\"position\":1,\"name\":\"Home\",\"item\":\"https:\/\/whelkgoods.com\/fr\/accueil\/\"},{\"@type\":\"ListItem\",\"position\":2,\"name\":\"Nos astuces pour un panier d&#8217;\u00e9picerie plus vert\"}]},{\"@type\":\"WebSite\",\"@id\":\"https:\/\/whelkgoods.com\/fr\/#website\",\"url\":\"https:\/\/whelkgoods.com\/fr\/\",\"name\":\"Whelk | Marque qu\u00e9b\u00e9coise\",\"description\":\"Casquettes et tuques \u00e9coresponsables\",\"publisher\":{\"@id\":\"https:\/\/whelkgoods.com\/fr\/#organization\"},\"potentialAction\":[{\"@type\":\"SearchAction\",\"target\":{\"@type\":\"EntryPoint\",\"urlTemplate\":\"https:\/\/whelkgoods.com\/fr\/?s={search_term_string}\"},\"query-input\":{\"@type\":\"PropertyValueSpecification\",\"valueRequired\":true,\"valueName\":\"search_term_string\"}}],\"inLanguage\":\"fr-FR\"},{\"@type\":\"Organization\",\"@id\":\"https:\/\/whelkgoods.com\/fr\/#organization\",\"name\":\"Whelk | Marque qu\u00e9b\u00e9coise\",\"url\":\"https:\/\/whelkgoods.com\/fr\/\",\"logo\":{\"@type\":\"ImageObject\",\"inLanguage\":\"fr-FR\",\"@id\":\"https:\/\/whelkgoods.com\/fr\/#\/schema\/logo\/image\/\",\"url\":\"https:\/\/whelkgoods.com\/wp-content\/uploads\/2023\/08\/Whelk-Goods-Logo.png\",\"contentUrl\":\"https:\/\/whelkgoods.com\/wp-content\/uploads\/2023\/08\/Whelk-Goods-Logo.png\",\"width\":750,\"height\":253,\"caption\":\"Whelk | Marque qu\u00e9b\u00e9coise\"},\"image\":{\"@id\":\"https:\/\/whelkgoods.com\/fr\/#\/schema\/logo\/image\/\"}},{\"@type\":\"Person\",\"@id\":\"https:\/\/whelkgoods.com\/fr\/#\/schema\/person\/eb1a89cb3919c3ad353882c99c28a56d\",\"name\":\"justin\",\"image\":{\"@type\":\"ImageObject\",\"inLanguage\":\"fr-FR\",\"@id\":\"https:\/\/whelkgoods.com\/fr\/#\/schema\/person\/image\/\",\"url\":\"https:\/\/secure.gravatar.com\/avatar\/10344f6a94451e2da6ee0f5c6ffbe757?s=96&d=mm&r=g\",\"contentUrl\":\"https:\/\/secure.gravatar.com\/avatar\/10344f6a94451e2da6ee0f5c6ffbe757?s=96&d=mm&r=g\",\"caption\":\"justin\"}}]}<\/script>\n<!-- \/ Yoast SEO plugin. -->","yoast_head_json":{"title":"Nos astuces pour un panier d'\u00e9picerie plus vert - Whelk | Marque qu\u00e9b\u00e9coise","description":"Des conseils pour faire des \u00e9piceries plus vertes : Explorez les produits locaux et les achats en vrac pour un mode de vie plus durable.","robots":{"index":"index","follow":"follow","max-snippet":"max-snippet:-1","max-image-preview":"max-image-preview:large","max-video-preview":"max-video-preview:-1"},"canonical":"https:\/\/whelkgoods.com\/fr\/nos-astuces-pour-un-panier-depicerie-plus-vert\/","og_locale":"fr_FR","og_type":"article","og_title":"Nos astuces pour un panier d'\u00e9picerie plus vert - Whelk | Marque qu\u00e9b\u00e9coise","og_description":"Des conseils pour faire des \u00e9piceries plus vertes : Explorez les produits locaux et les achats en vrac pour un mode de vie plus durable.","og_url":"https:\/\/whelkgoods.com\/fr\/nos-astuces-pour-un-panier-depicerie-plus-vert\/","og_site_name":"Whelk | Marque qu\u00e9b\u00e9coise","article_published_time":"2020-08-11T15:22:37+00:00","article_modified_time":"2024-07-16T16:02:11+00:00","og_image":[{"width":1024,"height":576,"url":"https:\/\/whelkgoods.com\/wp-content\/uploads\/2020\/08\/epicerie-sac-recyclage-scaled.jpg","type":"image\/jpeg"}],"author":"justin","twitter_card":"summary_large_image","twitter_misc":{"\u00c9crit par":"justin","Dur\u00e9e de lecture estim\u00e9e":"5 minutes"},"schema":{"@context":"https:\/\/schema.org","@graph":[{"@type":"Article","@id":"https:\/\/whelkgoods.com\/fr\/nos-astuces-pour-un-panier-depicerie-plus-vert\/#article","isPartOf":{"@id":"https:\/\/whelkgoods.com\/fr\/nos-astuces-pour-un-panier-depicerie-plus-vert\/"},"author":{"name":"justin","@id":"https:\/\/whelkgoods.com\/fr\/#\/schema\/person\/eb1a89cb3919c3ad353882c99c28a56d"},"headline":"Nos astuces pour un panier d&rsquo;\u00e9picerie plus vert","datePublished":"2020-08-11T15:22:37+00:00","dateModified":"2024-07-16T16:02:11+00:00","mainEntityOfPage":{"@id":"https:\/\/whelkgoods.com\/fr\/nos-astuces-pour-un-panier-depicerie-plus-vert\/"},"wordCount":995,"publisher":{"@id":"https:\/\/whelkgoods.com\/fr\/#organization"},"image":{"@id":"https:\/\/whelkgoods.com\/fr\/nos-astuces-pour-un-panier-depicerie-plus-vert\/#primaryimage"},"thumbnailUrl":"https:\/\/whelkgoods.com\/wp-content\/uploads\/2020\/08\/epicerie-sac-recyclage-scaled.jpg","articleSection":["Non classifi\u00e9(e)"],"inLanguage":"fr-FR"},{"@type":"WebPage","@id":"https:\/\/whelkgoods.com\/fr\/nos-astuces-pour-un-panier-depicerie-plus-vert\/","url":"https:\/\/whelkgoods.com\/fr\/nos-astuces-pour-un-panier-depicerie-plus-vert\/","name":"Nos astuces pour un panier d'\u00e9picerie plus vert - Whelk | Marque qu\u00e9b\u00e9coise","isPartOf":{"@id":"https:\/\/whelkgoods.com\/fr\/#website"},"primaryImageOfPage":{"@id":"https:\/\/whelkgoods.com\/fr\/nos-astuces-pour-un-panier-depicerie-plus-vert\/#primaryimage"},"image":{"@id":"https:\/\/whelkgoods.com\/fr\/nos-astuces-pour-un-panier-depicerie-plus-vert\/#primaryimage"},"thumbnailUrl":"https:\/\/whelkgoods.com\/wp-content\/uploads\/2020\/08\/epicerie-sac-recyclage-scaled.jpg","datePublished":"2020-08-11T15:22:37+00:00","dateModified":"2024-07-16T16:02:11+00:00","description":"Des conseils pour faire des \u00e9piceries plus vertes : Explorez les produits locaux et les achats en vrac pour un mode de vie plus durable.","breadcrumb":{"@id":"https:\/\/whelkgoods.com\/fr\/nos-astuces-pour-un-panier-depicerie-plus-vert\/#breadcrumb"},"inLanguage":"fr-FR","potentialAction":[{"@type":"ReadAction","target":["https:\/\/whelkgoods.com\/fr\/nos-astuces-pour-un-panier-depicerie-plus-vert\/"]}]},{"@type":"ImageObject","inLanguage":"fr-FR","@id":"https:\/\/whelkgoods.com\/fr\/nos-astuces-pour-un-panier-depicerie-plus-vert\/#primaryimage","url":"https:\/\/whelkgoods.com\/wp-content\/uploads\/2020\/08\/epicerie-sac-recyclage-scaled.jpg","contentUrl":"https:\/\/whelkgoods.com\/wp-content\/uploads\/2020\/08\/epicerie-sac-recyclage-scaled.jpg","width":1024,"height":576,"caption":"Sac d'\u00e9picerie vert avec enseigne recyclable. \u00c0 l'int\u00e9rieur du sac se trouvent des fruits et des l\u00e9gumes sans emballage de plastique."},{"@type":"BreadcrumbList","@id":"https:\/\/whelkgoods.com\/fr\/nos-astuces-pour-un-panier-depicerie-plus-vert\/#breadcrumb","itemListElement":[{"@type":"ListItem","position":1,"name":"Home","item":"https:\/\/whelkgoods.com\/fr\/accueil\/"},{"@type":"ListItem","position":2,"name":"Nos astuces pour un panier d&#8217;\u00e9picerie plus vert"}]},{"@type":"WebSite","@id":"https:\/\/whelkgoods.com\/fr\/#website","url":"https:\/\/whelkgoods.com\/fr\/","name":"Whelk | Marque qu\u00e9b\u00e9coise","description":"Casquettes et tuques \u00e9coresponsables","publisher":{"@id":"https:\/\/whelkgoods.com\/fr\/#organization"},"potentialAction":[{"@type":"SearchAction","target":{"@type":"EntryPoint","urlTemplate":"https:\/\/whelkgoods.com\/fr\/?s={search_term_string}"},"query-input":{"@type":"PropertyValueSpecification","valueRequired":true,"valueName":"search_term_string"}}],"inLanguage":"fr-FR"},{"@type":"Organization","@id":"https:\/\/whelkgoods.com\/fr\/#organization","name":"Whelk | Marque qu\u00e9b\u00e9coise","url":"https:\/\/whelkgoods.com\/fr\/","logo":{"@type":"ImageObject","inLanguage":"fr-FR","@id":"https:\/\/whelkgoods.com\/fr\/#\/schema\/logo\/image\/","url":"https:\/\/whelkgoods.com\/wp-content\/uploads\/2023\/08\/Whelk-Goods-Logo.png","contentUrl":"https:\/\/whelkgoods.com\/wp-content\/uploads\/2023\/08\/Whelk-Goods-Logo.png","width":750,"height":253,"caption":"Whelk | Marque qu\u00e9b\u00e9coise"},"image":{"@id":"https:\/\/whelkgoods.com\/fr\/#\/schema\/logo\/image\/"}},{"@type":"Person","@id":"https:\/\/whelkgoods.com\/fr\/#\/schema\/person\/eb1a89cb3919c3ad353882c99c28a56d","name":"justin","image":{"@type":"ImageObject","inLanguage":"fr-FR","@id":"https:\/\/whelkgoods.com\/fr\/#\/schema\/person\/image\/","url":"https:\/\/secure.gravatar.com\/avatar\/10344f6a94451e2da6ee0f5c6ffbe757?s=96&d=mm&r=g","contentUrl":"https:\/\/secure.gravatar.com\/avatar\/10344f6a94451e2da6ee0f5c6ffbe757?s=96&d=mm&r=g","caption":"justin"}}]}},"_links":{"self":[{"href":"https:\/\/whelkgoods.com\/fr\/wp-json\/wp\/v2\/posts\/8740"}],"collection":[{"href":"https:\/\/whelkgoods.com\/fr\/wp-json\/wp\/v2\/posts"}],"about":[{"href":"https:\/\/whelkgoods.com\/fr\/wp-json\/wp\/v2\/types\/post"}],"author":[{"embeddable":true,"href":"https:\/\/whelkgoods.com\/fr\/wp-json\/wp\/v2\/users\/12"}],"replies":[{"embeddable":true,"href":"https:\/\/whelkgoods.com\/fr\/wp-json\/wp\/v2\/comments?post=8740"}],"version-history":[{"count":8,"href":"https:\/\/whelkgoods.com\/fr\/wp-json\/wp\/v2\/posts\/8740\/revisions"}],"predecessor-version":[{"id":8968,"href":"https:\/\/whelkgoods.com\/fr\/wp-json\/wp\/v2\/posts\/8740\/revisions\/8968"}],"wp:featuredmedia":[{"embeddable":true,"href":"https:\/\/whelkgoods.com\/fr\/wp-json\/wp\/v2\/media\/8741"}],"wp:attachment":[{"href":"https:\/\/whelkgoods.com\/fr\/wp-json\/wp\/v2\/media?parent=8740"}],"wp:term":[{"taxonomy":"category","embeddable":true,"href":"https:\/\/whelkgoods.com\/fr\/wp-json\/wp\/v2\/categories?post=8740"},{"taxonomy":"post_tag","embeddable":true,"href":"https:\/\/whelkgoods.com\/fr\/wp-json\/wp\/v2\/tags?post=8740"}],"curies":[{"name":"wp","href":"https:\/\/api.w.org\/{rel}","templated":true}]}}