{"id":216,"count":2,"description":"Que vous vous promeniez dans les rues de la ville ou que vous partiez \u00e0 l'aventure en plein air, nos sacs bananes fabriqu\u00e9s au Qu\u00e9bec sont le compagnon id\u00e9al pour avoir les mains libres. Quel que soit le mod\u00e8le que vous choisissez, nos deux sacs bananes t\u00e9moignent de l'engagement de notre marque en ce qui concerne la durabilit\u00e9 et la qualit\u00e9 de fabrication.\r\n\r\nNotre <a href=\"https:\/\/whelkgoods.com\/fr\/produit\/sac-banane-cordura\/\" target=\"_blank\" rel=\"noopener\" class=\"bluebglink\">mod\u00e8le classique<\/a> d\u00e9gage une \u00e9l\u00e9gance intemporelle, parfaite pour ceux qui pr\u00e9f\u00e8rent un look \u00e9pur\u00e9 et polyvalent. Cette option s'int\u00e8gre parfaitement \u00e0 toute garde-robe tout en respectant notre engagement en mati\u00e8re de d\u00e9veloppement durable. Pour ceux qui recherchent une pi\u00e8ce plus prononc\u00e9e, notre <a href=\"https:\/\/whelkgoods.com\/fr\/produit\/sac-banane-en-polaire\/\" target=\"_blank\" rel=\"noopener\" class=\"bluebglink\">mod\u00e8le fabriqu\u00e9 de mat\u00e9riaux recycl\u00e9s<\/a> est le choix id\u00e9al. Fabriqu\u00e9 \u00e0 partir de mat\u00e9riaux recycl\u00e9s attrayants, ce sac banane ajoute une touche de personnalit\u00e9 \u00e0 n'importe quel ensemble. Malgr\u00e9 son c\u00f4t\u00e9 funky, il a les m\u00eames dimensions que notre mod\u00e8le classique, ce qui lui conf\u00e8re la m\u00eame fonctionnalit\u00e9 et la m\u00eame utilit\u00e9.","link":"https:\/\/whelkgoods.com\/fr\/categorie-produit\/sacs\/","name":"Sacs banane","slug":"sacs","taxonomy":"product_cat","parent":0,"meta":[],"yoast_head":"<!-- This site is optimized with the Yoast SEO plugin v23.5 - https:\/\/yoast.com\/wordpress\/plugins\/seo\/ -->\n<title>Sacs banane - Whelk | Marque qu\u00e9b\u00e9coise<\/title>\n<meta name=\"robots\" content=\"index, follow, max-snippet:-1, max-image-preview:large, max-video-preview:-1\" \/>\n<link rel=\"canonical\" href=\"https:\/\/whelkgoods.com\/fr\/categorie-produit\/sacs\/\" \/>\n<meta property=\"og:locale\" content=\"fr_FR\" \/>\n<meta property=\"og:type\" content=\"article\" \/>\n<meta property=\"og:title\" content=\"Sacs banane - Whelk | Marque qu\u00e9b\u00e9coise\" \/>\n<meta property=\"og:description\" content=\"Que vous vous promeniez dans les rues de la ville ou que vous partiez \u00e0 l&rsquo;aventure en plein air, nos sacs bananes fabriqu\u00e9s au Qu\u00e9bec sont le compagnon id\u00e9al pour avoir les mains libres. Quel que soit le mod\u00e8le que vous choisissez, nos deux sacs bananes t\u00e9moignent de l&rsquo;engagement de notre marque en ce qui concerne la durabilit\u00e9 et la qualit\u00e9 de fabrication. Notre mod\u00e8le classique d\u00e9gage une \u00e9l\u00e9gance intemporelle, parfaite pour ceux qui pr\u00e9f\u00e8rent un look \u00e9pur\u00e9 et polyvalent. Cette option s&rsquo;int\u00e8gre parfaitement \u00e0 toute garde-robe tout en respectant notre engagement en mati\u00e8re de d\u00e9veloppement durable. Pour ceux qui recherchent une pi\u00e8ce plus prononc\u00e9e, notre mod\u00e8le fabriqu\u00e9 de mat\u00e9riaux recycl\u00e9s est le choix id\u00e9al. Fabriqu\u00e9 \u00e0 partir de mat\u00e9riaux recycl\u00e9s attrayants, ce sac banane ajoute une touche de personnalit\u00e9 \u00e0 n&rsquo;importe quel ensemble. Malgr\u00e9 son c\u00f4t\u00e9 funky, il a les m\u00eames dimensions que notre mod\u00e8le classique, ce qui lui conf\u00e8re la m\u00eame fonctionnalit\u00e9 et la m\u00eame utilit\u00e9.\" \/>\n<meta property=\"og:url\" content=\"https:\/\/whelkgoods.com\/fr\/categorie-produit\/sacs\/\" \/>\n<meta property=\"og:site_name\" content=\"Whelk | Marque qu\u00e9b\u00e9coise\" \/>\n<meta name=\"twitter:card\" content=\"summary_large_image\" \/>\n<script type=\"application\/ld+json\" class=\"yoast-schema-graph\">{\"@context\":\"https:\/\/schema.org\",\"@graph\":[{\"@type\":\"CollectionPage\",\"@id\":\"https:\/\/whelkgoods.com\/fr\/categorie-produit\/sacs\/\",\"url\":\"https:\/\/whelkgoods.com\/fr\/categorie-produit\/sacs\/\",\"name\":\"Sacs banane - Whelk | Marque qu\u00e9b\u00e9coise\",\"isPartOf\":{\"@id\":\"https:\/\/whelkgoods.com\/fr\/#website\"},\"breadcrumb\":{\"@id\":\"https:\/\/whelkgoods.com\/fr\/categorie-produit\/sacs\/#breadcrumb\"},\"inLanguage\":\"fr-FR\"},{\"@type\":\"BreadcrumbList\",\"@id\":\"https:\/\/whelkgoods.com\/fr\/categorie-produit\/sacs\/#breadcrumb\",\"itemListElement\":[{\"@type\":\"ListItem\",\"position\":1,\"name\":\"Home\",\"item\":\"https:\/\/whelkgoods.com\/fr\/accueil\/\"},{\"@type\":\"ListItem\",\"position\":2,\"name\":\"Sacs banane\"}]},{\"@type\":\"WebSite\",\"@id\":\"https:\/\/whelkgoods.com\/fr\/#website\",\"url\":\"https:\/\/whelkgoods.com\/fr\/\",\"name\":\"Whelk | Marque qu\u00e9b\u00e9coise\",\"description\":\"Casquettes et tuques \u00e9coresponsables\",\"publisher\":{\"@id\":\"https:\/\/whelkgoods.com\/fr\/#organization\"},\"potentialAction\":[{\"@type\":\"SearchAction\",\"target\":{\"@type\":\"EntryPoint\",\"urlTemplate\":\"https:\/\/whelkgoods.com\/fr\/?s={search_term_string}\"},\"query-input\":{\"@type\":\"PropertyValueSpecification\",\"valueRequired\":true,\"valueName\":\"search_term_string\"}}],\"inLanguage\":\"fr-FR\"},{\"@type\":\"Organization\",\"@id\":\"https:\/\/whelkgoods.com\/fr\/#organization\",\"name\":\"Whelk | Marque qu\u00e9b\u00e9coise\",\"url\":\"https:\/\/whelkgoods.com\/fr\/\",\"logo\":{\"@type\":\"ImageObject\",\"inLanguage\":\"fr-FR\",\"@id\":\"https:\/\/whelkgoods.com\/fr\/#\/schema\/logo\/image\/\",\"url\":\"https:\/\/whelkgoods.com\/wp-content\/uploads\/2023\/08\/Whelk-Goods-Logo.png\",\"contentUrl\":\"https:\/\/whelkgoods.com\/wp-content\/uploads\/2023\/08\/Whelk-Goods-Logo.png\",\"width\":750,\"height\":253,\"caption\":\"Whelk | Marque qu\u00e9b\u00e9coise\"},\"image\":{\"@id\":\"https:\/\/whelkgoods.com\/fr\/#\/schema\/logo\/image\/\"}}]}<\/script>\n<!-- \/ Yoast SEO plugin. -->","yoast_head_json":{"title":"Sacs banane - Whelk | Marque qu\u00e9b\u00e9coise","robots":{"index":"index","follow":"follow","max-snippet":"max-snippet:-1","max-image-preview":"max-image-preview:large","max-video-preview":"max-video-preview:-1"},"canonical":"https:\/\/whelkgoods.com\/fr\/categorie-produit\/sacs\/","og_locale":"fr_FR","og_type":"article","og_title":"Sacs banane - Whelk | Marque qu\u00e9b\u00e9coise","og_description":"Que vous vous promeniez dans les rues de la ville ou que vous partiez \u00e0 l&rsquo;aventure en plein air, nos sacs bananes fabriqu\u00e9s au Qu\u00e9bec sont le compagnon id\u00e9al pour avoir les mains libres. Quel que soit le mod\u00e8le que vous choisissez, nos deux sacs bananes t\u00e9moignent de l&rsquo;engagement de notre marque en ce qui concerne la durabilit\u00e9 et la qualit\u00e9 de fabrication. Notre mod\u00e8le classique d\u00e9gage une \u00e9l\u00e9gance intemporelle, parfaite pour ceux qui pr\u00e9f\u00e8rent un look \u00e9pur\u00e9 et polyvalent. Cette option s&rsquo;int\u00e8gre parfaitement \u00e0 toute garde-robe tout en respectant notre engagement en mati\u00e8re de d\u00e9veloppement durable. Pour ceux qui recherchent une pi\u00e8ce plus prononc\u00e9e, notre mod\u00e8le fabriqu\u00e9 de mat\u00e9riaux recycl\u00e9s est le choix id\u00e9al. Fabriqu\u00e9 \u00e0 partir de mat\u00e9riaux recycl\u00e9s attrayants, ce sac banane ajoute une touche de personnalit\u00e9 \u00e0 n&rsquo;importe quel ensemble. Malgr\u00e9 son c\u00f4t\u00e9 funky, il a les m\u00eames dimensions que notre mod\u00e8le classique, ce qui lui conf\u00e8re la m\u00eame fonctionnalit\u00e9 et la m\u00eame utilit\u00e9.","og_url":"https:\/\/whelkgoods.com\/fr\/categorie-produit\/sacs\/","og_site_name":"Whelk | Marque qu\u00e9b\u00e9coise","twitter_card":"summary_large_image","schema":{"@context":"https:\/\/schema.org","@graph":[{"@type":"CollectionPage","@id":"https:\/\/whelkgoods.com\/fr\/categorie-produit\/sacs\/","url":"https:\/\/whelkgoods.com\/fr\/categorie-produit\/sacs\/","name":"Sacs banane - Whelk | Marque qu\u00e9b\u00e9coise","isPartOf":{"@id":"https:\/\/whelkgoods.com\/fr\/#website"},"breadcrumb":{"@id":"https:\/\/whelkgoods.com\/fr\/categorie-produit\/sacs\/#breadcrumb"},"inLanguage":"fr-FR"},{"@type":"BreadcrumbList","@id":"https:\/\/whelkgoods.com\/fr\/categorie-produit\/sacs\/#breadcrumb","itemListElement":[{"@type":"ListItem","position":1,"name":"Home","item":"https:\/\/whelkgoods.com\/fr\/accueil\/"},{"@type":"ListItem","position":2,"name":"Sacs banane"}]},{"@type":"WebSite","@id":"https:\/\/whelkgoods.com\/fr\/#website","url":"https:\/\/whelkgoods.com\/fr\/","name":"Whelk | Marque qu\u00e9b\u00e9coise","description":"Casquettes et tuques \u00e9coresponsables","publisher":{"@id":"https:\/\/whelkgoods.com\/fr\/#organization"},"potentialAction":[{"@type":"SearchAction","target":{"@type":"EntryPoint","urlTemplate":"https:\/\/whelkgoods.com\/fr\/?s={search_term_string}"},"query-input":{"@type":"PropertyValueSpecification","valueRequired":true,"valueName":"search_term_string"}}],"inLanguage":"fr-FR"},{"@type":"Organization","@id":"https:\/\/whelkgoods.com\/fr\/#organization","name":"Whelk | Marque qu\u00e9b\u00e9coise","url":"https:\/\/whelkgoods.com\/fr\/","logo":{"@type":"ImageObject","inLanguage":"fr-FR","@id":"https:\/\/whelkgoods.com\/fr\/#\/schema\/logo\/image\/","url":"https:\/\/whelkgoods.com\/wp-content\/uploads\/2023\/08\/Whelk-Goods-Logo.png","contentUrl":"https:\/\/whelkgoods.com\/wp-content\/uploads\/2023\/08\/Whelk-Goods-Logo.png","width":750,"height":253,"caption":"Whelk | Marque qu\u00e9b\u00e9coise"},"image":{"@id":"https:\/\/whelkgoods.com\/fr\/#\/schema\/logo\/image\/"}}]}},"_links":{"self":[{"href":"https:\/\/whelkgoods.com\/fr\/wp-json\/wp\/v2\/product_cat\/216"}],"collection":[{"href":"https:\/\/whelkgoods.com\/fr\/wp-json\/wp\/v2\/product_cat"}],"about":[{"href":"https:\/\/whelkgoods.com\/fr\/wp-json\/wp\/v2\/taxonomies\/product_cat"}],"wp:post_type":[{"href":"https:\/\/whelkgoods.com\/fr\/wp-json\/wp\/v2\/product?product_cat=216"}],"curies":[{"name":"wp","href":"https:\/\/api.w.org\/{rel}","templated":true}]}}